{"id":1375,"date":"2015-07-28T13:23:25","date_gmt":"2015-07-28T11:23:25","guid":{"rendered":"http:\/\/www.lalunaalpassetto.it\/?p=1375"},"modified":"2015-07-28T13:35:36","modified_gmt":"2015-07-28T11:35:36","slug":"risposta-al-consigliere-comunale-dott-francesco-rubini-filogna","status":"publish","type":"post","link":"https:\/\/www.lalunaalpassetto.it\/index.php\/risposta-al-consigliere-comunale-dott-francesco-rubini-filogna\/","title":{"rendered":"[:it]Risposta al consigliere comunale Dott. Francesco Rubini Filogna[:]"},"content":{"rendered":"[:it]Ancona, 28.07.2015<\/p>\n<p>con riferimento\u00a0all&#8217;<a href=\"http:\/\/www.anconatoday.it\/politica\/spiaggia-passetto-alle-18-tutti-a-casa-ancona.html\" target=\"_blank\">articolo<\/a> pubblicato in data odierna sulla testata giornalistica AnconaToday.it, noi sottoscritti CERUSICO CLAUDIO e MARCU LILIANA, in qualit\u00e0 di gestori e operatori della spiaggia del Passetto, intendiamo rispondere al consigliere comunale, Dott. Francesco Rubini Filogna.<\/p>\n<p>Come ns. consuetudine, ci scusiamo qualora qualche ns. dipendente sia stato maleducato o sgarbato verso la ns. clientela, ma non crediamo sia questo il caso poich\u00e9 molti avventori sono soliti trattenersi in spiaggia ben oltre il ns. orario di chiusura (normalmente alle 18:00), liberando i lettini anche oltre le ore 20:00, in tutta fretta per prendere l&#8217;ultima corsa dell&#8217;ascensore delle 20:45. Decine di testimonianze potrebbero smentire infatti questa critica.<\/p>\n<p>Detto questo, non ci risulta che il consigliere sia venuto ospite del nostro stabilimento, dato\u00a0che il Dott. Rubini Filogna lamenta il fatto di essere stato invitato a liberare il lettino nonostante averne pagato l&#8217;affitto. Gli ricordiamo che infatti l&#8217;affitto pomeridiano della ns. attrezzatura prevede uno sconto (\u20ac 3,00 per il lettino, n.d.r.) proprio in virt\u00f9 del fatto che il sole tramonta presto sulla spiaggia del Passetto e ci costringe la chiusura anticipata rispetto alle altre spiagge.<\/p>\n<p>Notando quindi il grande zelo del consigliere comunale, lo invitiamo invece a impegnarsi seriamente con l&#8217;amministrazione comunale affinch\u00e9:<\/p>\n<ol>\n<li>sia ripristinata l&#8217;adeguata illuminazione della spiaggia, come pi\u00f9 volte da noi segnalato.<\/li>\n<li>i bagni sotto la scalinata, a completa gestione del Comune di Ancona, siano puliti e portati a condizioni igieniche sufficienti.<\/li>\n<li>l&#8217;area adiacente la base dell&#8217;ascensore sia liberata dai ferri ed ingombranti che aspettano di essere caricati da Anconambiente da inizio stagione, come pi\u00f9 volte segnalato.<\/li>\n<li>sia effettuato un ripascimento della spiaggia, chiesto con insistenza da 10 anni a questa parte.<\/li>\n<\/ol>\n<p>Non riteniamo che\u00a0questa pubblicit\u00e0 gratuita sia consona ad un consigliere comunale che avrebbe potuto manifestare le sue perplessit\u00e0 e le sue lamentele direttamente a noi gestori o utilizzare canali e strumenti che pi\u00f9 competono ad un rappresentante dell&#8217;amministrazione comunale. Non crediamo sia corretto approfittare della propria posizione politica per lamentele personali che possano ledere la ns. attivit\u00e0 e l&#8217;immagine della spiaggia in generale. Ribadiamo infatti che non \u00e8 ns. consuetudine allontanare la ns. clientela dai lettini.<\/p>\n<p>Concludiamo informando il dott. Rubini Filogna, l&#8217;amministrazione comunale e la cittadinanza tutta, che qualora lo zelante consigliere si fosse trovato a rilassarsi sul\u00a0molo accanto al bar, questo \u00e8 di ns. concessione tuttavia ne garantiamo la fruizione totalmente gratuita alla ns. clientela.<\/p>\n<p>Distinti saluti,<\/p>\n<p>Claudio Cerusico<\/p>\n<p>Liliana Marcu[:]\n","protected":false},"excerpt":{"rendered":"<p>[:it]Ancona, 28.07.2015 con riferimento\u00a0all&#8217;articolo pubblicato in data odierna sulla testata giornalistica AnconaToday.it, noi sottoscritti CERUSICO CLAUDIO e MARCU LILIANA, in qualit\u00e0 di gestori e operatori della spiaggia del Passetto, intendiamo rispondere al consigliere comunale, Dott. Francesco Rubini Filogna. Come ns. consuetudine, ci scusiamo qualora qualche ns. dipendente sia stato maleducato o sgarbato verso la ns. &hellip; <a href=\"https:\/\/www.lalunaalpassetto.it\/index.php\/risposta-al-consigliere-comunale-dott-francesco-rubini-filogna\/\" class=\"more-link\">Continua la lettura di <span class=\"screen-reader-text\">[:it]Risposta al consigliere comunale Dott. Francesco Rubini Filogna[:]<\/span> <span class=\"meta-nav\">&rarr;<\/span><\/a><\/p>\n","protected":false},"author":1,"featured_media":0,"comment_status":"closed","ping_status":"open","sticky":false,"template":"","format":"standard","meta":{"_jetpack_memberships_contains_paid_content":false,"footnotes":"","jetpack_publicize_message":"","jetpack_publicize_feature_enabled":true,"jetpack_social_post_already_shared":false,"jetpack_social_options":{"image_generator_settings":{"template":"highway","default_image_id":0,"font":"","enabled":false},"version":2}},"categories":[22],"tags":[10,55,56,26,40,5,57,43,41,6,44,11,48,47,45,7,39],"class_list":["post-1375","post","type-post","status-publish","format-standard","hentry","category-news","tag-ancona","tag-anconatoday-it","tag-articolo","tag-ascensore","tag-balneare","tag-estate","tag-giornale","tag-lettino","tag-marche","tag-mare","tag-ombrellone","tag-passetto","tag-pulizia","tag-relax","tag-sdraio","tag-spiaggia","tag-stabilimento"],"jetpack_publicize_connections":[],"jetpack_featured_media_url":"","jetpack_sharing_enabled":true,"jetpack_shortlink":"https:\/\/wp.me\/p6GbwU-mb","jetpack-related-posts":[],"jetpack_likes_enabled":true,"_links":{"self":[{"href":"https:\/\/www.lalunaalpassetto.it\/index.php\/wp-json\/wp\/v2\/posts\/1375","targetHints":{"allow":["GET"]}}],"collection":[{"href":"https:\/\/www.lalunaalpassetto.it\/index.php\/wp-json\/wp\/v2\/posts"}],"about":[{"href":"https:\/\/www.lalunaalpassetto.it\/index.php\/wp-json\/wp\/v2\/types\/post"}],"author":[{"embeddable":true,"href":"https:\/\/www.lalunaalpassetto.it\/index.php\/wp-json\/wp\/v2\/users\/1"}],"replies":[{"embeddable":true,"href":"https:\/\/www.lalunaalpassetto.it\/index.php\/wp-json\/wp\/v2\/comments?post=1375"}],"version-history":[{"count":3,"href":"https:\/\/www.lalunaalpassetto.it\/index.php\/wp-json\/wp\/v2\/posts\/1375\/revisions"}],"predecessor-version":[{"id":1378,"href":"https:\/\/www.lalunaalpassetto.it\/index.php\/wp-json\/wp\/v2\/posts\/1375\/revisions\/1378"}],"wp:attachment":[{"href":"https:\/\/www.lalunaalpassetto.it\/index.php\/wp-json\/wp\/v2\/media?parent=1375"}],"wp:term":[{"taxonomy":"category","embeddable":true,"href":"https:\/\/www.lalunaalpassetto.it\/index.php\/wp-json\/wp\/v2\/categories?post=1375"},{"taxonomy":"post_tag","embeddable":true,"href":"https:\/\/www.lalunaalpassetto.it\/index.php\/wp-json\/wp\/v2\/tags?post=1375"}],"curies":[{"name":"wp","href":"https:\/\/api.w.org\/{rel}","templated":true}]}}